{"id":2369,"date":"2025-10-30T13:30:46","date_gmt":"2025-10-30T12:30:46","guid":{"rendered":"https:\/\/sabap-cz-kr.cultura.gov.it\/?p=2369"},"modified":"2025-10-31T12:21:00","modified_gmt":"2025-10-31T11:21:00","slug":"la-sabap-cz-kr-presente-alla-xxvii-borsa-mediterranea-del-turismo-archeologico-di-paestum-tra-convegni-e-laboratori","status":"publish","type":"post","link":"https:\/\/sabap-cz-kr.cultura.gov.it\/?p=2369","title":{"rendered":"La SABAP CZ-KR presente alla XXVII Borsa Mediterranea del Turismo Archeologico di Paestum, tra convegni e laboratori"},"content":{"rendered":"<p>Anche quest\u2019anno la\u00a0<strong>Soprintendenza Archeologia, Belle Arti e Paesaggio per le province di Catanzaro e Crotone<\/strong>\u00a0sar\u00e0 presente alla\u00a0<strong><a href=\"https:\/\/www.borsaturismoarcheologico.it\/\">XXVII Borsa Mediterranea del Turismo Archeologico<\/a><\/strong>\u00a0che si terr\u00e0 a Paestum dal 30 ottobre al 1 novembre. La\u00a0<strong>BMTA<\/strong>\u00a0si conferma occasione di incontro, approfondimento e divulgazione di temi inerenti la fruizione, gestione, valorizzazione del patrimonio archeologico e la promozione del segmento archeologico del turismo culturale.<\/p>\n<p>Tra i <a href=\"https:\/\/www.borsaturismoarcheologico.it\/ministero-della-cultura-2025\/\">convegni programmati dal Ministero della Cultura<\/a>, il <strong>30 ottobre<\/strong> alle <strong>16:30<\/strong> il Soprintendente Arch. Stefania Argenti presenter\u00e0 l&#8217;incontro tecnico <strong>Strongoli Svela Petelia: Un Progetto Integrato per la Citt\u00e0 Antica<\/strong>, a cura della Soprintendenza Archeologia, Belle Arti e Paesaggio per le province di Catanzaro e Crotone in collaborazione con la Direzione generale Archeologica, Belle Arti e Paesaggio (DG-ABAP).<\/p>\n<p>La campagna di scavi avviata a Strongoli (KR) non \u00e8 solo un\u2019iniziativa di ricerca archeologica, ma rappresenta un autentico motore di cambiamento per l\u2019intera comunit\u00e0, in grado di iniettare energia propulsiva nel tessuto sociale e culturale della citt\u00e0. Al centro del progetto vi \u00e8 l\u2019ambizione di trasformare i risultati delle campagne di scavo in catalizzatori di una rinascita urbana e culturale, rendendo il futuro museo archeologico un polo di attrazione dinamico e vitale per la cittadinanza e i visitatori.<\/p>\n<p>Questo approccio multidimensionale, che lega la scoperta archeologica alla riqualificazione urbana, \u00e8 volto a generare una forza rigenerativa che riscriva il destino di un territorio spesso afflitto da fenomeni di degrado e illegalit\u00e0. L\u2019archeologia, tradizionalmente vista come una disciplina legata al passato, qui si fa protagonista di un processo di risveglio identitario e di rilancio sociale, contribuendo attivamente alla riconquista degli spazi pubblici.<\/p>\n<p>A seguire, sempre giorno <strong>30 ottobre<\/strong> (a partire<strong> dalle 18:30<\/strong>), la SABAP CZ-KR presenter\u00e0 il laboratorio dal titolo <strong>Interventi di conservazione su manufatti ceramici provenienti dai territori del Catanzarese e del Crotonese<\/strong>: un\u2019esposizione delle attivit\u00e0 di restauro di eccezionali manufatti ceramici provenienti dai territori di Strongoli (KR), Gagliato e Tiriolo (CZ), con un approfondimento sulle metodologie di restauro adottate per la loro conservazione. Saranno inoltre illustrati i risultati pi\u00f9 recenti della campagna di scavo condotta a Strongoli (KR) nel corso del 2024, realizzata in un contesto complesso, fortemente condizionato dalla presenza della criminalit\u00e0 organizzata.<\/p>\n<p>Il programma completo del Salone espositivo \u00e8 consultabile\u00a0<a href=\"https:\/\/www.borsaturismoarcheologico.it\/programma-2025\/\">qui<\/a>.<\/p>\n<p>Inoltre, gli incontri del Ministero della Cultura saranno disponibili in streaming sulla <a href=\"https:\/\/www.facebook.com\/borsamediterraneaturismoarcheologico\/\">pagina Facebook<\/a> e sul <a href=\"https:\/\/www.youtube.com\/@borsapaestum\">canale Youtube<\/a> della BMTA.<\/p>\n<p>&nbsp;<\/p>\n<figure id=\"attachment_2372\" aria-describedby=\"caption-attachment-2372\" style=\"width: 768px\" class=\"wp-caption aligncenter\"><a href=\"https:\/\/sabap-cz-kr.cultura.gov.it\/wp-content\/uploads\/2025\/10\/Convegno-Paestum-2025.jpg\"><img loading=\"lazy\" decoding=\"async\" class=\"size-medium_large wp-image-2372\" src=\"https:\/\/sabap-cz-kr.cultura.gov.it\/wp-content\/uploads\/2025\/10\/Convegno-Paestum-2025-768x576.jpg\" alt=\"Il team della SABAP CZ-KR durante il convegno alla XXVII BMTA.\" width=\"768\" height=\"576\" srcset=\"https:\/\/sabap-cz-kr.cultura.gov.it\/wp-content\/uploads\/2025\/10\/Convegno-Paestum-2025-768x576.jpg 768w, https:\/\/sabap-cz-kr.cultura.gov.it\/wp-content\/uploads\/2025\/10\/Convegno-Paestum-2025-300x225.jpg 300w, https:\/\/sabap-cz-kr.cultura.gov.it\/wp-content\/uploads\/2025\/10\/Convegno-Paestum-2025-1365x1024.jpg 1365w, https:\/\/sabap-cz-kr.cultura.gov.it\/wp-content\/uploads\/2025\/10\/Convegno-Paestum-2025-1536x1152.jpg 1536w, https:\/\/sabap-cz-kr.cultura.gov.it\/wp-content\/uploads\/2025\/10\/Convegno-Paestum-2025.jpg 1600w\" sizes=\"auto, (max-width: 768px) 100vw, 768px\" \/><\/a><figcaption id=\"caption-attachment-2372\" class=\"wp-caption-text\"><em>Il team della SABAP CZ-KR durante l&#8217;incontro tecnico alla XXVII BMTA.<\/em><\/figcaption><\/figure>\n<p>&nbsp;<\/p>\n<figure id=\"attachment_2371\" aria-describedby=\"caption-attachment-2371\" style=\"width: 768px\" class=\"wp-caption aligncenter\"><a href=\"https:\/\/sabap-cz-kr.cultura.gov.it\/wp-content\/uploads\/2025\/10\/Laboratorio-di-restauro-Paestum-2025.jpg\"><img loading=\"lazy\" decoding=\"async\" class=\"size-medium_large wp-image-2371\" src=\"https:\/\/sabap-cz-kr.cultura.gov.it\/wp-content\/uploads\/2025\/10\/Laboratorio-di-restauro-Paestum-2025-768x1024.jpg\" alt=\"Fasi del laboratorio di restauro allestito dalla SABAP CZ-KR.\" width=\"768\" height=\"1024\" srcset=\"https:\/\/sabap-cz-kr.cultura.gov.it\/wp-content\/uploads\/2025\/10\/Laboratorio-di-restauro-Paestum-2025-768x1024.jpg 768w, https:\/\/sabap-cz-kr.cultura.gov.it\/wp-content\/uploads\/2025\/10\/Laboratorio-di-restauro-Paestum-2025-225x300.jpg 225w, https:\/\/sabap-cz-kr.cultura.gov.it\/wp-content\/uploads\/2025\/10\/Laboratorio-di-restauro-Paestum-2025-1152x1536.jpg 1152w, https:\/\/sabap-cz-kr.cultura.gov.it\/wp-content\/uploads\/2025\/10\/Laboratorio-di-restauro-Paestum-2025.jpg 1200w\" sizes=\"auto, (max-width: 768px) 100vw, 768px\" \/><\/a><figcaption id=\"caption-attachment-2371\" class=\"wp-caption-text\"><em>Fasi del laboratorio di restauro allestito dalla SABAP CZ-KR.<\/em><\/figcaption><\/figure>\n","protected":false},"excerpt":{"rendered":"<p>Anche quest\u2019anno la\u00a0Soprintendenza Archeologia, Belle Arti e Paesaggio per le province di Catanzaro e Crotone\u00a0sar\u00e0 presente alla\u00a0XXVII Borsa Mediterranea del Turismo Archeologico\u00a0che si terr\u00e0 a Paestum dal 30 ottobre al 1 novembre.<\/p>\n","protected":false},"author":6,"featured_media":0,"comment_status":"closed","ping_status":"closed","sticky":false,"template":"","format":"standard","meta":{"footnotes":""},"categories":[1],"tags":[],"class_list":["post-2369","post","type-post","status-publish","format-standard","hentry","category-comunicazioni"],"yoast_head":"<!-- This site is optimized with the Yoast SEO plugin v27.5 - https:\/\/yoast.com\/product\/yoast-seo-wordpress\/ -->\n<title>La SABAP CZ-KR presente alla XXVII Borsa Mediterranea del Turismo Archeologico di Paestum, tra convegni e laboratori - Soprintendenza ABAP per le province di Catanzaro e Crotone<\/title>\n<meta name=\"robots\" content=\"index, follow, max-snippet:-1, max-image-preview:large, max-video-preview:-1\" \/>\n<link rel=\"canonical\" href=\"https:\/\/sabap-cz-kr.cultura.gov.it\/?p=2369\" \/>\n<meta property=\"og:locale\" content=\"it_IT\" \/>\n<meta property=\"og:type\" content=\"article\" \/>\n<meta property=\"og:title\" content=\"La SABAP CZ-KR presente alla XXVII Borsa Mediterranea del Turismo Archeologico di Paestum, tra convegni e laboratori - Soprintendenza ABAP per le province di Catanzaro e Crotone\" \/>\n<meta property=\"og:description\" content=\"Anche quest\u2019anno la\u00a0Soprintendenza Archeologia, Belle Arti e Paesaggio per le province di Catanzaro e Crotone\u00a0sar\u00e0 presente alla\u00a0XXVII Borsa Mediterranea del Turismo Archeologico\u00a0che si terr\u00e0 a Paestum dal 30 ottobre al 1 novembre.\" \/>\n<meta property=\"og:url\" content=\"https:\/\/sabap-cz-kr.cultura.gov.it\/?p=2369\" \/>\n<meta property=\"og:site_name\" content=\"Soprintendenza ABAP per le province di Catanzaro e Crotone\" \/>\n<meta property=\"article:published_time\" content=\"2025-10-30T12:30:46+00:00\" \/>\n<meta property=\"article:modified_time\" content=\"2025-10-31T11:21:00+00:00\" \/>\n<meta property=\"og:image\" content=\"https:\/\/sabap-cz-kr.cultura.gov.it\/wp-content\/uploads\/2025\/10\/Convegno-Paestum-2025.jpg\" \/>\n\t<meta property=\"og:image:width\" content=\"1600\" \/>\n\t<meta property=\"og:image:height\" content=\"1200\" \/>\n\t<meta property=\"og:image:type\" content=\"image\/jpeg\" \/>\n<meta name=\"author\" content=\"Luca Filizzola\" \/>\n<meta name=\"twitter:card\" content=\"summary_large_image\" \/>\n<meta name=\"twitter:label1\" content=\"Scritto da\" \/>\n\t<meta name=\"twitter:data1\" content=\"Luca Filizzola\" \/>\n\t<meta name=\"twitter:label2\" content=\"Tempo di lettura stimato\" \/>\n\t<meta name=\"twitter:data2\" content=\"3 minuti\" \/>\n<script type=\"application\/ld+json\" class=\"yoast-schema-graph\">{\"@context\":\"https:\\\/\\\/schema.org\",\"@graph\":[{\"@type\":\"Article\",\"@id\":\"https:\\\/\\\/sabap-cz-kr.cultura.gov.it\\\/?p=2369#article\",\"isPartOf\":{\"@id\":\"https:\\\/\\\/sabap-cz-kr.cultura.gov.it\\\/?p=2369\"},\"author\":{\"name\":\"Luca Filizzola\",\"@id\":\"https:\\\/\\\/sabap-cz-kr.cultura.gov.it\\\/#\\\/schema\\\/person\\\/0aff25d3938161be4a3d083cadc9f8bd\"},\"headline\":\"La SABAP CZ-KR presente alla XXVII Borsa Mediterranea del Turismo Archeologico di Paestum, tra convegni e laboratori\",\"datePublished\":\"2025-10-30T12:30:46+00:00\",\"dateModified\":\"2025-10-31T11:21:00+00:00\",\"mainEntityOfPage\":{\"@id\":\"https:\\\/\\\/sabap-cz-kr.cultura.gov.it\\\/?p=2369\"},\"wordCount\":437,\"publisher\":{\"@id\":\"https:\\\/\\\/sabap-cz-kr.cultura.gov.it\\\/#organization\"},\"image\":{\"@id\":\"https:\\\/\\\/sabap-cz-kr.cultura.gov.it\\\/?p=2369#primaryimage\"},\"thumbnailUrl\":\"https:\\\/\\\/sabap-cz-kr.cultura.gov.it\\\/wp-content\\\/uploads\\\/2025\\\/10\\\/Convegno-Paestum-2025-768x576.jpg\",\"articleSection\":[\"Comunicazioni\"],\"inLanguage\":\"it-IT\"},{\"@type\":\"WebPage\",\"@id\":\"https:\\\/\\\/sabap-cz-kr.cultura.gov.it\\\/?p=2369\",\"url\":\"https:\\\/\\\/sabap-cz-kr.cultura.gov.it\\\/?p=2369\",\"name\":\"La SABAP CZ-KR presente alla XXVII Borsa Mediterranea del Turismo Archeologico di Paestum, tra convegni e laboratori - Soprintendenza ABAP per le province di Catanzaro e Crotone\",\"isPartOf\":{\"@id\":\"https:\\\/\\\/sabap-cz-kr.cultura.gov.it\\\/#website\"},\"primaryImageOfPage\":{\"@id\":\"https:\\\/\\\/sabap-cz-kr.cultura.gov.it\\\/?p=2369#primaryimage\"},\"image\":{\"@id\":\"https:\\\/\\\/sabap-cz-kr.cultura.gov.it\\\/?p=2369#primaryimage\"},\"thumbnailUrl\":\"https:\\\/\\\/sabap-cz-kr.cultura.gov.it\\\/wp-content\\\/uploads\\\/2025\\\/10\\\/Convegno-Paestum-2025-768x576.jpg\",\"datePublished\":\"2025-10-30T12:30:46+00:00\",\"dateModified\":\"2025-10-31T11:21:00+00:00\",\"breadcrumb\":{\"@id\":\"https:\\\/\\\/sabap-cz-kr.cultura.gov.it\\\/?p=2369#breadcrumb\"},\"inLanguage\":\"it-IT\",\"potentialAction\":[{\"@type\":\"ReadAction\",\"target\":[\"https:\\\/\\\/sabap-cz-kr.cultura.gov.it\\\/?p=2369\"]}]},{\"@type\":\"ImageObject\",\"inLanguage\":\"it-IT\",\"@id\":\"https:\\\/\\\/sabap-cz-kr.cultura.gov.it\\\/?p=2369#primaryimage\",\"url\":\"https:\\\/\\\/sabap-cz-kr.cultura.gov.it\\\/wp-content\\\/uploads\\\/2025\\\/10\\\/Convegno-Paestum-2025.jpg\",\"contentUrl\":\"https:\\\/\\\/sabap-cz-kr.cultura.gov.it\\\/wp-content\\\/uploads\\\/2025\\\/10\\\/Convegno-Paestum-2025.jpg\",\"width\":1600,\"height\":1200,\"caption\":\"Il team della SABAP CZ-KR durante il convegno alla XXVII BMTA.\"},{\"@type\":\"BreadcrumbList\",\"@id\":\"https:\\\/\\\/sabap-cz-kr.cultura.gov.it\\\/?p=2369#breadcrumb\",\"itemListElement\":[{\"@type\":\"ListItem\",\"position\":1,\"name\":\"Home\",\"item\":\"https:\\\/\\\/sabap-cz-kr.cultura.gov.it\\\/\"},{\"@type\":\"ListItem\",\"position\":2,\"name\":\"La SABAP CZ-KR presente alla XXVII Borsa Mediterranea del Turismo Archeologico di Paestum, tra convegni e laboratori\"}]},{\"@type\":\"WebSite\",\"@id\":\"https:\\\/\\\/sabap-cz-kr.cultura.gov.it\\\/#website\",\"url\":\"https:\\\/\\\/sabap-cz-kr.cultura.gov.it\\\/\",\"name\":\"Soprintendenza ABAP per le province di Catanzaro e Crotone\",\"description\":\"\",\"publisher\":{\"@id\":\"https:\\\/\\\/sabap-cz-kr.cultura.gov.it\\\/#organization\"},\"potentialAction\":[{\"@type\":\"SearchAction\",\"target\":{\"@type\":\"EntryPoint\",\"urlTemplate\":\"https:\\\/\\\/sabap-cz-kr.cultura.gov.it\\\/?s={search_term_string}\"},\"query-input\":{\"@type\":\"PropertyValueSpecification\",\"valueRequired\":true,\"valueName\":\"search_term_string\"}}],\"inLanguage\":\"it-IT\"},{\"@type\":\"Organization\",\"@id\":\"https:\\\/\\\/sabap-cz-kr.cultura.gov.it\\\/#organization\",\"name\":\"Soprintendenza ABAP per le province di Catanzaro e Crotone\",\"url\":\"https:\\\/\\\/sabap-cz-kr.cultura.gov.it\\\/\",\"logo\":{\"@type\":\"ImageObject\",\"inLanguage\":\"it-IT\",\"@id\":\"https:\\\/\\\/sabap-cz-kr.cultura.gov.it\\\/#\\\/schema\\\/logo\\\/image\\\/\",\"url\":\"https:\\\/\\\/sabap-cz-kr.cultura.gov.it\\\/wp-content\\\/uploads\\\/2024\\\/05\\\/logo_mic.png\",\"contentUrl\":\"https:\\\/\\\/sabap-cz-kr.cultura.gov.it\\\/wp-content\\\/uploads\\\/2024\\\/05\\\/logo_mic.png\",\"width\":1080,\"height\":1080,\"caption\":\"Soprintendenza ABAP per le province di Catanzaro e Crotone\"},\"image\":{\"@id\":\"https:\\\/\\\/sabap-cz-kr.cultura.gov.it\\\/#\\\/schema\\\/logo\\\/image\\\/\"}},{\"@type\":\"Person\",\"@id\":\"https:\\\/\\\/sabap-cz-kr.cultura.gov.it\\\/#\\\/schema\\\/person\\\/0aff25d3938161be4a3d083cadc9f8bd\",\"name\":\"Luca Filizzola\",\"sameAs\":[\"https:\\\/\\\/sabap-cz-kr.cultura.gov.it\\\/\"],\"url\":\"https:\\\/\\\/sabap-cz-kr.cultura.gov.it\\\/?author=6\"}]}<\/script>\n<!-- \/ Yoast SEO plugin. -->","yoast_head_json":{"title":"La SABAP CZ-KR presente alla XXVII Borsa Mediterranea del Turismo Archeologico di Paestum, tra convegni e laboratori - Soprintendenza ABAP per le province di Catanzaro e Crotone","robots":{"index":"index","follow":"follow","max-snippet":"max-snippet:-1","max-image-preview":"max-image-preview:large","max-video-preview":"max-video-preview:-1"},"canonical":"https:\/\/sabap-cz-kr.cultura.gov.it\/?p=2369","og_locale":"it_IT","og_type":"article","og_title":"La SABAP CZ-KR presente alla XXVII Borsa Mediterranea del Turismo Archeologico di Paestum, tra convegni e laboratori - Soprintendenza ABAP per le province di Catanzaro e Crotone","og_description":"Anche quest\u2019anno la\u00a0Soprintendenza Archeologia, Belle Arti e Paesaggio per le province di Catanzaro e Crotone\u00a0sar\u00e0 presente alla\u00a0XXVII Borsa Mediterranea del Turismo Archeologico\u00a0che si terr\u00e0 a Paestum dal 30 ottobre al 1 novembre.","og_url":"https:\/\/sabap-cz-kr.cultura.gov.it\/?p=2369","og_site_name":"Soprintendenza ABAP per le province di Catanzaro e Crotone","article_published_time":"2025-10-30T12:30:46+00:00","article_modified_time":"2025-10-31T11:21:00+00:00","og_image":[{"width":1600,"height":1200,"url":"https:\/\/sabap-cz-kr.cultura.gov.it\/wp-content\/uploads\/2025\/10\/Convegno-Paestum-2025.jpg","type":"image\/jpeg"}],"author":"Luca Filizzola","twitter_card":"summary_large_image","twitter_misc":{"Scritto da":"Luca Filizzola","Tempo di lettura stimato":"3 minuti"},"schema":{"@context":"https:\/\/schema.org","@graph":[{"@type":"Article","@id":"https:\/\/sabap-cz-kr.cultura.gov.it\/?p=2369#article","isPartOf":{"@id":"https:\/\/sabap-cz-kr.cultura.gov.it\/?p=2369"},"author":{"name":"Luca Filizzola","@id":"https:\/\/sabap-cz-kr.cultura.gov.it\/#\/schema\/person\/0aff25d3938161be4a3d083cadc9f8bd"},"headline":"La SABAP CZ-KR presente alla XXVII Borsa Mediterranea del Turismo Archeologico di Paestum, tra convegni e laboratori","datePublished":"2025-10-30T12:30:46+00:00","dateModified":"2025-10-31T11:21:00+00:00","mainEntityOfPage":{"@id":"https:\/\/sabap-cz-kr.cultura.gov.it\/?p=2369"},"wordCount":437,"publisher":{"@id":"https:\/\/sabap-cz-kr.cultura.gov.it\/#organization"},"image":{"@id":"https:\/\/sabap-cz-kr.cultura.gov.it\/?p=2369#primaryimage"},"thumbnailUrl":"https:\/\/sabap-cz-kr.cultura.gov.it\/wp-content\/uploads\/2025\/10\/Convegno-Paestum-2025-768x576.jpg","articleSection":["Comunicazioni"],"inLanguage":"it-IT"},{"@type":"WebPage","@id":"https:\/\/sabap-cz-kr.cultura.gov.it\/?p=2369","url":"https:\/\/sabap-cz-kr.cultura.gov.it\/?p=2369","name":"La SABAP CZ-KR presente alla XXVII Borsa Mediterranea del Turismo Archeologico di Paestum, tra convegni e laboratori - Soprintendenza ABAP per le province di Catanzaro e Crotone","isPartOf":{"@id":"https:\/\/sabap-cz-kr.cultura.gov.it\/#website"},"primaryImageOfPage":{"@id":"https:\/\/sabap-cz-kr.cultura.gov.it\/?p=2369#primaryimage"},"image":{"@id":"https:\/\/sabap-cz-kr.cultura.gov.it\/?p=2369#primaryimage"},"thumbnailUrl":"https:\/\/sabap-cz-kr.cultura.gov.it\/wp-content\/uploads\/2025\/10\/Convegno-Paestum-2025-768x576.jpg","datePublished":"2025-10-30T12:30:46+00:00","dateModified":"2025-10-31T11:21:00+00:00","breadcrumb":{"@id":"https:\/\/sabap-cz-kr.cultura.gov.it\/?p=2369#breadcrumb"},"inLanguage":"it-IT","potentialAction":[{"@type":"ReadAction","target":["https:\/\/sabap-cz-kr.cultura.gov.it\/?p=2369"]}]},{"@type":"ImageObject","inLanguage":"it-IT","@id":"https:\/\/sabap-cz-kr.cultura.gov.it\/?p=2369#primaryimage","url":"https:\/\/sabap-cz-kr.cultura.gov.it\/wp-content\/uploads\/2025\/10\/Convegno-Paestum-2025.jpg","contentUrl":"https:\/\/sabap-cz-kr.cultura.gov.it\/wp-content\/uploads\/2025\/10\/Convegno-Paestum-2025.jpg","width":1600,"height":1200,"caption":"Il team della SABAP CZ-KR durante il convegno alla XXVII BMTA."},{"@type":"BreadcrumbList","@id":"https:\/\/sabap-cz-kr.cultura.gov.it\/?p=2369#breadcrumb","itemListElement":[{"@type":"ListItem","position":1,"name":"Home","item":"https:\/\/sabap-cz-kr.cultura.gov.it\/"},{"@type":"ListItem","position":2,"name":"La SABAP CZ-KR presente alla XXVII Borsa Mediterranea del Turismo Archeologico di Paestum, tra convegni e laboratori"}]},{"@type":"WebSite","@id":"https:\/\/sabap-cz-kr.cultura.gov.it\/#website","url":"https:\/\/sabap-cz-kr.cultura.gov.it\/","name":"Soprintendenza ABAP per le province di Catanzaro e Crotone","description":"","publisher":{"@id":"https:\/\/sabap-cz-kr.cultura.gov.it\/#organization"},"potentialAction":[{"@type":"SearchAction","target":{"@type":"EntryPoint","urlTemplate":"https:\/\/sabap-cz-kr.cultura.gov.it\/?s={search_term_string}"},"query-input":{"@type":"PropertyValueSpecification","valueRequired":true,"valueName":"search_term_string"}}],"inLanguage":"it-IT"},{"@type":"Organization","@id":"https:\/\/sabap-cz-kr.cultura.gov.it\/#organization","name":"Soprintendenza ABAP per le province di Catanzaro e Crotone","url":"https:\/\/sabap-cz-kr.cultura.gov.it\/","logo":{"@type":"ImageObject","inLanguage":"it-IT","@id":"https:\/\/sabap-cz-kr.cultura.gov.it\/#\/schema\/logo\/image\/","url":"https:\/\/sabap-cz-kr.cultura.gov.it\/wp-content\/uploads\/2024\/05\/logo_mic.png","contentUrl":"https:\/\/sabap-cz-kr.cultura.gov.it\/wp-content\/uploads\/2024\/05\/logo_mic.png","width":1080,"height":1080,"caption":"Soprintendenza ABAP per le province di Catanzaro e Crotone"},"image":{"@id":"https:\/\/sabap-cz-kr.cultura.gov.it\/#\/schema\/logo\/image\/"}},{"@type":"Person","@id":"https:\/\/sabap-cz-kr.cultura.gov.it\/#\/schema\/person\/0aff25d3938161be4a3d083cadc9f8bd","name":"Luca Filizzola","sameAs":["https:\/\/sabap-cz-kr.cultura.gov.it\/"],"url":"https:\/\/sabap-cz-kr.cultura.gov.it\/?author=6"}]}},"_links":{"self":[{"href":"https:\/\/sabap-cz-kr.cultura.gov.it\/index.php?rest_route=\/wp\/v2\/posts\/2369","targetHints":{"allow":["GET"]}}],"collection":[{"href":"https:\/\/sabap-cz-kr.cultura.gov.it\/index.php?rest_route=\/wp\/v2\/posts"}],"about":[{"href":"https:\/\/sabap-cz-kr.cultura.gov.it\/index.php?rest_route=\/wp\/v2\/types\/post"}],"author":[{"embeddable":true,"href":"https:\/\/sabap-cz-kr.cultura.gov.it\/index.php?rest_route=\/wp\/v2\/users\/6"}],"replies":[{"embeddable":true,"href":"https:\/\/sabap-cz-kr.cultura.gov.it\/index.php?rest_route=%2Fwp%2Fv2%2Fcomments&post=2369"}],"version-history":[{"count":5,"href":"https:\/\/sabap-cz-kr.cultura.gov.it\/index.php?rest_route=\/wp\/v2\/posts\/2369\/revisions"}],"predecessor-version":[{"id":2376,"href":"https:\/\/sabap-cz-kr.cultura.gov.it\/index.php?rest_route=\/wp\/v2\/posts\/2369\/revisions\/2376"}],"wp:attachment":[{"href":"https:\/\/sabap-cz-kr.cultura.gov.it\/index.php?rest_route=%2Fwp%2Fv2%2Fmedia&parent=2369"}],"wp:term":[{"taxonomy":"category","embeddable":true,"href":"https:\/\/sabap-cz-kr.cultura.gov.it\/index.php?rest_route=%2Fwp%2Fv2%2Fcategories&post=2369"},{"taxonomy":"post_tag","embeddable":true,"href":"https:\/\/sabap-cz-kr.cultura.gov.it\/index.php?rest_route=%2Fwp%2Fv2%2Ftags&post=2369"}],"curies":[{"name":"wp","href":"https:\/\/api.w.org\/{rel}","templated":true}]}}